{"id":4172,"date":"2024-03-07T12:35:51","date_gmt":"2024-03-07T10:35:51","guid":{"rendered":"https:\/\/heikevigl.it\/storyteller\/?p=4172"},"modified":"2025-02-25T13:06:27","modified_gmt":"2025-02-25T11:06:27","slug":"von-frau-zu-frau-verschmitzt-verrueckt-verflucht-nochmal","status":"publish","type":"post","link":"https:\/\/heikevigl.it\/storyteller\/von-frau-zu-frau-verschmitzt-verrueckt-verflucht-nochmal\/","title":{"rendered":"Von Frau zu Frau: verschmitzt, verr\u00fcckt, verflucht nochmal"},"content":{"rendered":"<p>Freitag, 07.03.2025 &#8211; Naturns &#8211; 19:30 Uhr<\/p>\n<p><b>verschmitzt, verr\u00fcckt, verflucht nochmal<br \/>\n<\/b><em>Klanggeschichten mit der Erz\u00e4hlerin Heike Vigl am Vorabend zum Tag der Frau<br \/>\n<\/em><em><span style=\"color: #08153b;\">Ein unterhaltsamer und genussvoller Abend exklusiv f\u00fcr Frauen <\/span><span style=\"color: #08153b;\">in der Bibliothek Naturns mit Tanz, Mode, Geschichten &amp; anderem<\/span><\/em><\/p>\n<p>Wenn eine Wildf\u00e4ngin und eine Zaunreiterin, kurzum zwei au\u00dfergew\u00f6hnliche Frauen, aufeinandertreffen und sich ihre (Lebens)Geschichten erz\u00e4hlen, dann ist das &#8211; verflucht nochmal &#8211; ganz gewiss eine vergn\u00fcgliche Angelegenheit\u2026<\/p>\n<p style=\"text-align: left;\">Heike Vigl &#8211; Erz\u00e4hlkunst &amp; Musik<\/p>\n","protected":false},"excerpt":{"rendered":"<p>Freitag, 07.03.2025 &#8211; Naturns &#8211; 19:30 Uhr<br \/>\nEin unterhaltsamer und genussvoller Abend exklusiv f\u00fcr Frauen in&#8230;<br \/>\nWenn eine Wildf\u00e4ngin und eine Zaunreiterin, kurzum zwei au\u00dfergew\u00f6hnliche&#8230;<\/p>\n","protected":false},"author":2,"featured_media":4171,"comment_status":"closed","ping_status":"open","sticky":false,"template":"","format":"standard","meta":{"footnotes":""},"categories":[474],"tags":[488,175,174,489,487],"class_list":["post-4172","post","type-post","status-publish","format-standard","has-post-thumbnail","hentry","category-termine-2025","tag-bibliothek-naturns","tag-erzaehlkunst","tag-heike-vigl","tag-tag-der-frau","tag-veranstaltungen-und-events-in-naturns"],"publishpress_future_action":{"enabled":false,"date":"2026-05-09 02:55:57","action":"change-status","newStatus":"draft","terms":[],"taxonomy":"category","extraData":[]},"publishpress_future_workflow_manual_trigger":{"enabledWorkflows":[]},"_links":{"self":[{"href":"https:\/\/heikevigl.it\/storyteller\/wp-json\/wp\/v2\/posts\/4172","targetHints":{"allow":["GET"]}}],"collection":[{"href":"https:\/\/heikevigl.it\/storyteller\/wp-json\/wp\/v2\/posts"}],"about":[{"href":"https:\/\/heikevigl.it\/storyteller\/wp-json\/wp\/v2\/types\/post"}],"author":[{"embeddable":true,"href":"https:\/\/heikevigl.it\/storyteller\/wp-json\/wp\/v2\/users\/2"}],"replies":[{"embeddable":true,"href":"https:\/\/heikevigl.it\/storyteller\/wp-json\/wp\/v2\/comments?post=4172"}],"version-history":[{"count":6,"href":"https:\/\/heikevigl.it\/storyteller\/wp-json\/wp\/v2\/posts\/4172\/revisions"}],"predecessor-version":[{"id":4178,"href":"https:\/\/heikevigl.it\/storyteller\/wp-json\/wp\/v2\/posts\/4172\/revisions\/4178"}],"wp:featuredmedia":[{"embeddable":true,"href":"https:\/\/heikevigl.it\/storyteller\/wp-json\/wp\/v2\/media\/4171"}],"wp:attachment":[{"href":"https:\/\/heikevigl.it\/storyteller\/wp-json\/wp\/v2\/media?parent=4172"}],"wp:term":[{"taxonomy":"category","embeddable":true,"href":"https:\/\/heikevigl.it\/storyteller\/wp-json\/wp\/v2\/categories?post=4172"},{"taxonomy":"post_tag","embeddable":true,"href":"https:\/\/heikevigl.it\/storyteller\/wp-json\/wp\/v2\/tags?post=4172"}],"curies":[{"name":"wp","href":"https:\/\/api.w.org\/{rel}","templated":true}]}}