{"id":4073,"date":"2023-09-15T16:19:36","date_gmt":"2023-09-15T14:19:36","guid":{"rendered":"https:\/\/heikevigl.it\/storyteller\/?p=4073"},"modified":"2024-09-16T10:46:29","modified_gmt":"2024-09-16T08:46:29","slug":"maerchen-beim-familienfest-am-rosskopf","status":"publish","type":"post","link":"https:\/\/heikevigl.it\/storyteller\/maerchen-beim-familienfest-am-rosskopf\/","title":{"rendered":"M\u00e4rchen beim Familienfest am Rosskopf &#8211; VERSCHOBEN!!!"},"content":{"rendered":"<div class=\"\">\n<p style=\"font-weight: 400;\">Sonntag, 15.09.2024 &#8211; Rosskopf\/Sterzing &#8211; 10:00, 10:30, 11:00, 11:30, 12:30, 13:00 Uhr<\/p>\n<p>Familienfest am Rosskopf: \u00a0Station &#8220;M\u00e4rchen&#8221; beim Waldlabyrinth am Rossywalk<\/p>\n<p><strong>R\u00e4tselhaft!<\/strong><br \/>\n<i><span style=\"color: #11053b;\">f\u00fcr alle, die gerne Geschichten lauschen<\/span><\/i><\/p>\n<div class=\"\">\n<div><span style=\"color: #11053b;\"><span style=\"caret-color: #11053b;\">Der Wald ist manchmal wie ein Labyrinth: Er birgt Geheimnisse, R\u00e4tsel und gar manche \u00dcberraschung &#8230; und Geschichten, die euch die musizierende Erz\u00e4hlerin Heike Vigl erz\u00e4hlt.\u00a0<\/span><\/span><\/div>\n<\/div>\n<\/div>\n<p style=\"font-weight: 400;\">\n","protected":false},"excerpt":{"rendered":"<p>Sonntag, 15.09.2024 &#8211; Rosskopf\/Sterzing &#8211; 10:00, 10:30, 11:00, 11:30, 12:30, 13:00 Uhr<br \/>\nFamilienfest am Rosskopf: \u00a0Station &#8220;M\u00e4rchen&#8221; beim Waldlabyrinth am Rossywalk<br \/>\nR\u00e4tselhaft&#8230;<br \/>\nDetails folgen&#8230;<\/p>\n","protected":false},"author":2,"featured_media":4077,"comment_status":"closed","ping_status":"open","sticky":false,"template":"","format":"standard","meta":{"footnotes":""},"categories":[393,394],"tags":[175,452,250,174,288,451,450],"class_list":["post-4073","post","type-post","status-publish","format-standard","has-post-thumbnail","hentry","category-393","category-termine-2024","tag-erzaehlkunst","tag-events-und-veranstaltugen-in-sterzing","tag-geschichten","tag-heike-vigl","tag-musik","tag-rosskopfbahnen","tag-rossywalk-familienfest-rosskopf"],"publishpress_future_action":{"enabled":false,"date":"2026-05-06 20:42:57","action":"change-status","newStatus":"draft","terms":[],"taxonomy":"category","extraData":[]},"publishpress_future_workflow_manual_trigger":{"enabledWorkflows":[]},"_links":{"self":[{"href":"https:\/\/heikevigl.it\/storyteller\/wp-json\/wp\/v2\/posts\/4073","targetHints":{"allow":["GET"]}}],"collection":[{"href":"https:\/\/heikevigl.it\/storyteller\/wp-json\/wp\/v2\/posts"}],"about":[{"href":"https:\/\/heikevigl.it\/storyteller\/wp-json\/wp\/v2\/types\/post"}],"author":[{"embeddable":true,"href":"https:\/\/heikevigl.it\/storyteller\/wp-json\/wp\/v2\/users\/2"}],"replies":[{"embeddable":true,"href":"https:\/\/heikevigl.it\/storyteller\/wp-json\/wp\/v2\/comments?post=4073"}],"version-history":[{"count":6,"href":"https:\/\/heikevigl.it\/storyteller\/wp-json\/wp\/v2\/posts\/4073\/revisions"}],"predecessor-version":[{"id":4096,"href":"https:\/\/heikevigl.it\/storyteller\/wp-json\/wp\/v2\/posts\/4073\/revisions\/4096"}],"wp:featuredmedia":[{"embeddable":true,"href":"https:\/\/heikevigl.it\/storyteller\/wp-json\/wp\/v2\/media\/4077"}],"wp:attachment":[{"href":"https:\/\/heikevigl.it\/storyteller\/wp-json\/wp\/v2\/media?parent=4073"}],"wp:term":[{"taxonomy":"category","embeddable":true,"href":"https:\/\/heikevigl.it\/storyteller\/wp-json\/wp\/v2\/categories?post=4073"},{"taxonomy":"post_tag","embeddable":true,"href":"https:\/\/heikevigl.it\/storyteller\/wp-json\/wp\/v2\/tags?post=4073"}],"curies":[{"name":"wp","href":"https:\/\/api.w.org\/{rel}","templated":true}]}}