{"id":3853,"date":"2022-08-26T07:20:25","date_gmt":"2022-08-26T07:20:25","guid":{"rendered":"https:\/\/heikevigl.it\/storyteller\/?p=3853"},"modified":"2023-03-10T09:28:30","modified_gmt":"2023-03-10T09:28:30","slug":"schrei_des_geiers_kommende","status":"publish","type":"post","link":"https:\/\/heikevigl.it\/storyteller\/schrei_des_geiers_kommende\/","title":{"rendered":"Krimi am Samstagabend: Der Schrei des Geiers"},"content":{"rendered":"<p>Samstag, 26.08.2023 &#8211; Kommende Lengmoos am Ritten &#8211; 20:30 Uhr<\/p>\n<p><b>Krimi am Samstagabend:\u00a0Der Schrei des Geiers<br \/>\n<\/b><i>mit Heike\u00a0Vigl und dem Joe Smith Quartett<\/i><\/p>\n<p>Nervenkitzel gefragt? Gute Musik gefragt? Dann sind Sie hier genau richtig. Denn Musik und eine Geschichte gehen eine geniale Verbindung miteinander ein, erg\u00e4nzen sich gegenseitig, kontrapunktieren sich. Heike Vigl erz\u00e4hlt. Das Joe Smith Quartett spielt und singt Popsongs, Jazztitel und noch vieles mehr. Es geht um Kinderraub, mysteri\u00f6se Begegnungen und eine dramatische Liebesbeziehung. Was hat es damit alles auf sich?<\/p>\n<p>Heike Vigl \u2013 Erz\u00e4hlerin<br \/>\nSilvia Sellemond \u2013 Gesang<br \/>\nPeppi Haller<span class=\"Apple-converted-space\">\u00a0 <\/span>alias Joe Smith \u2013 Gesang, Posaune, Trompete<br \/>\nIngo Ramoser \u2013 Keyboard<br \/>\nHannes Mayr &#8211; Kontrabass<\/p>\n","protected":false},"excerpt":{"rendered":"<p>Samstag, 26.08.2023 &#8211; Kommende Lengmoos &#8211; 20:30 Uhr<br \/>\nmit Heike\u00a0Vigl und dem Joe Smith Quartett<br \/>\nNervenkitzel gefragt? Gute Musik gefragt? Dann&#8230;<\/p>\n","protected":false},"author":2,"featured_media":3851,"comment_status":"closed","ping_status":"open","sticky":false,"template":"","format":"standard","meta":{"footnotes":""},"categories":[356],"tags":[175,343,371,174,370,368,196,366,253,367,254,288,197,369],"class_list":["post-3853","post","type-post","status-publish","format-standard","has-post-thumbnail","hentry","category-termine-2023","tag-erzaehlkunst","tag-events-am-ritten","tag-hannes-mayr","tag-heike-vigl","tag-ingo-ramoser","tag-joe-smith","tag-joe-smith-band","tag-joe-smith-quartett","tag-kommende-lengmoos","tag-krimi","tag-kuratorium-kommende-lengmoos","tag-musik","tag-peppi-haller","tag-silvia-sellemond"],"publishpress_future_action":{"enabled":false,"date":"2026-05-06 21:05:30","action":"change-status","newStatus":"draft","terms":[],"taxonomy":"category","extraData":[]},"publishpress_future_workflow_manual_trigger":{"enabledWorkflows":[]},"_links":{"self":[{"href":"https:\/\/heikevigl.it\/storyteller\/wp-json\/wp\/v2\/posts\/3853","targetHints":{"allow":["GET"]}}],"collection":[{"href":"https:\/\/heikevigl.it\/storyteller\/wp-json\/wp\/v2\/posts"}],"about":[{"href":"https:\/\/heikevigl.it\/storyteller\/wp-json\/wp\/v2\/types\/post"}],"author":[{"embeddable":true,"href":"https:\/\/heikevigl.it\/storyteller\/wp-json\/wp\/v2\/users\/2"}],"replies":[{"embeddable":true,"href":"https:\/\/heikevigl.it\/storyteller\/wp-json\/wp\/v2\/comments?post=3853"}],"version-history":[{"count":1,"href":"https:\/\/heikevigl.it\/storyteller\/wp-json\/wp\/v2\/posts\/3853\/revisions"}],"predecessor-version":[{"id":3854,"href":"https:\/\/heikevigl.it\/storyteller\/wp-json\/wp\/v2\/posts\/3853\/revisions\/3854"}],"wp:featuredmedia":[{"embeddable":true,"href":"https:\/\/heikevigl.it\/storyteller\/wp-json\/wp\/v2\/media\/3851"}],"wp:attachment":[{"href":"https:\/\/heikevigl.it\/storyteller\/wp-json\/wp\/v2\/media?parent=3853"}],"wp:term":[{"taxonomy":"category","embeddable":true,"href":"https:\/\/heikevigl.it\/storyteller\/wp-json\/wp\/v2\/categories?post=3853"},{"taxonomy":"post_tag","embeddable":true,"href":"https:\/\/heikevigl.it\/storyteller\/wp-json\/wp\/v2\/tags?post=3853"}],"curies":[{"name":"wp","href":"https:\/\/api.w.org\/{rel}","templated":true}]}}