{"id":3748,"date":"2021-06-25T07:20:25","date_gmt":"2021-06-25T07:20:25","guid":{"rendered":"https:\/\/heikevigl.it\/storyteller\/?p=3748"},"modified":"2022-07-19T16:08:06","modified_gmt":"2022-07-19T16:08:06","slug":"prickelnd-perlend-2-3-2-2-2-2-2-3-2","status":"publish","type":"post","link":"https:\/\/heikevigl.it\/storyteller\/prickelnd-perlend-2-3-2-2-2-2-2-3-2\/","title":{"rendered":"Internationale Tage des Erz\u00e4hlens 2022 an der Nahe"},"content":{"rendered":"<p>Samstag, 25.06.2022 &#8211; Kleinkunstb\u00fchne &#8220;Loge&#8221;, Kurhausstr, 55543 Bad Kreuznach &#8211;\u00a020:00 Uhr<\/p>\n<h2>Gala-Abend des Erz\u00e4hlens<\/h2>\n<p><b>Vier internationale Erz\u00e4hler pr\u00e4sentieren ein bunten Strau\u00df an unterhaltsamen Geschichten aus aller Welt, aufgelockert durch musikalische Intermezzi des Duos Ventus (Knud Seckel, Tobias Witzlau).<\/b><\/p>\n<p>Es erz\u00e4hlen, alle in deutscher Sprache:<\/p>\n<ul>\n<li>Heike Vigl (Italien\/S\u00fcdtirol)<\/li>\n<li>Naceur Charles Aceval (Algerien\/Frankreich)<\/li>\n<li>Alexander Kostinskij (Ukraine)<\/li>\n<li>Chnutz vom Hopfen (Deutschland)<a href=\"https:\/\/erzaehltage.info\/galaabend.php\">https:\/\/erzaehltage.info\/galaabend.php<\/a><\/li>\n<\/ul>\n","protected":false},"excerpt":{"rendered":"<p>Samstag, 25.06.2022 &#8211; Kleinkunstb\u00fchne &#8220;Loge&#8221;, Kurhausstr, 55543 Bad Kreuznach &#8211;\u00a020:00 Uhr<br \/>\nVier internationale Erz\u00e4hler pr\u00e4sentieren ein bunten Strau\u00df an unterhaltsamen Geschichten&#8230;<\/p>\n","protected":false},"author":2,"featured_media":3745,"comment_status":"closed","ping_status":"open","sticky":false,"template":"","format":"standard","meta":{"footnotes":""},"categories":[314],"tags":[175,329,174,327,328],"class_list":["post-3748","post","type-post","status-publish","format-standard","has-post-thumbnail","hentry","category-termine-2022","tag-erzaehlkunst","tag-galaabend","tag-heike-vigl","tag-internationale-tage-des-erzaehlens-2022-an-der-nahe","tag-veranstaltungen-und-events-bad-kreunach"],"publishpress_future_action":{"enabled":false,"date":"2026-05-09 10:30:14","action":"change-status","newStatus":"draft","terms":[],"taxonomy":"category","extraData":[]},"publishpress_future_workflow_manual_trigger":{"enabledWorkflows":[]},"_links":{"self":[{"href":"https:\/\/heikevigl.it\/storyteller\/wp-json\/wp\/v2\/posts\/3748","targetHints":{"allow":["GET"]}}],"collection":[{"href":"https:\/\/heikevigl.it\/storyteller\/wp-json\/wp\/v2\/posts"}],"about":[{"href":"https:\/\/heikevigl.it\/storyteller\/wp-json\/wp\/v2\/types\/post"}],"author":[{"embeddable":true,"href":"https:\/\/heikevigl.it\/storyteller\/wp-json\/wp\/v2\/users\/2"}],"replies":[{"embeddable":true,"href":"https:\/\/heikevigl.it\/storyteller\/wp-json\/wp\/v2\/comments?post=3748"}],"version-history":[{"count":2,"href":"https:\/\/heikevigl.it\/storyteller\/wp-json\/wp\/v2\/posts\/3748\/revisions"}],"predecessor-version":[{"id":3771,"href":"https:\/\/heikevigl.it\/storyteller\/wp-json\/wp\/v2\/posts\/3748\/revisions\/3771"}],"wp:featuredmedia":[{"embeddable":true,"href":"https:\/\/heikevigl.it\/storyteller\/wp-json\/wp\/v2\/media\/3745"}],"wp:attachment":[{"href":"https:\/\/heikevigl.it\/storyteller\/wp-json\/wp\/v2\/media?parent=3748"}],"wp:term":[{"taxonomy":"category","embeddable":true,"href":"https:\/\/heikevigl.it\/storyteller\/wp-json\/wp\/v2\/categories?post=3748"},{"taxonomy":"post_tag","embeddable":true,"href":"https:\/\/heikevigl.it\/storyteller\/wp-json\/wp\/v2\/tags?post=3748"}],"curies":[{"name":"wp","href":"https:\/\/api.w.org\/{rel}","templated":true}]}}