{"id":3552,"date":"2020-10-01T09:36:04","date_gmt":"2020-10-01T09:36:04","guid":{"rendered":"https:\/\/heikevigl.it\/storyteller\/?p=3552"},"modified":"2021-10-10T09:53:09","modified_gmt":"2021-10-10T09:53:09","slug":"prickelnd-perlend-2-9","status":"publish","type":"post","link":"https:\/\/heikevigl.it\/storyteller\/prickelnd-perlend-2-9\/","title":{"rendered":"Die Reise der Madrisa"},"content":{"rendered":"<section class=\"wpb-content-wrapper\"><p>[vc_row font_color=&#8221;#000000&#8243;][vc_column][vc_column_text]<strong>Die Reise der Madrisa<\/strong><br \/>\nDie geheimnisvollen Vegetationsgeister der Alpen haben viele Namen. Ihr Bild jedoch ist stets sehr \u00e4hnlich, von Graub\u00fcnden \u00fcber Tirol bis nach Slowenien. Sie h\u00fcten die Alpweiden und Felder, doch ist ihre Zeit um, so ziehen sie fort und die einst gr\u00fcnen Matten werden zur grauen Felswildnis. Besonders von der Madrisa wird erz\u00e4hlt, deren Ruf vom Engadin bis in die Dolomiten reicht und L\u00e4ndergrenzen verschwinden l\u00e4sst. Doch wohin ging ihre Reise wirklich? Und erz\u00e4hlen die drei Bergspitzen <em>Trais Fluors,<\/em> nahe Pontresina bei Marguns von ihr?<\/p>\n<p>Die Musikerin Corin Curschellas, die Erz\u00e4hlerin Heike Vigl und die M\u00e4rchenforscherin Ulrike Kindl haben sich aufgemacht, um den Spuren der Madrisa zu folgen.<\/p>\n<p><a href=\"https:\/\/www.pontresina.ch\/events\/pontresina-highlights\/la-fascinaziun\/\">https:\/\/www.pontresina.ch\/events\/pontresina-highlights\/la-fascinaziun\/<\/a><\/p>\n<p>Freitag, 1. Oktober 2021 &#8211; 20:30 Uhr<br \/>\nKirche Sta. Maria &#8211; Pontresina (CH)[\/vc_column_text][\/vc_column][\/vc_row]<\/p>\n<\/section>","protected":false},"excerpt":{"rendered":"<p>Freitag, 01.10.2021 &#8211; 20:30 Uhr<br \/>\nKirche Sta. Maria, Pontresina (CH)<br \/>\nmit der Musikerin Corin Curscellas, der M\u00e4rchenforscherin Ulrike Kindl und der Erz\u00e4hlerin Heike Vigl<\/p>\n","protected":false},"author":2,"featured_media":3600,"comment_status":"closed","ping_status":"open","sticky":false,"template":"","format":"standard","meta":{"footnotes":""},"categories":[230],"tags":[287,259,217,175,289,174,290,288,285,286],"class_list":["post-3552","post","type-post","status-publish","format-standard","has-post-thumbnail","hentry","category-termine-2021","tag-corin-curscellas","tag-erzaehlen","tag-erzaehlerin","tag-erzaehlkunst","tag-events-in-pontresna","tag-heike-vigl","tag-madrisa","tag-musik","tag-pontresina","tag-ulrike-kindl"],"publishpress_future_action":{"enabled":false,"date":"2026-05-10 09:57:35","action":"change-status","newStatus":"draft","terms":[],"taxonomy":"category","extraData":[]},"publishpress_future_workflow_manual_trigger":{"enabledWorkflows":[]},"_links":{"self":[{"href":"https:\/\/heikevigl.it\/storyteller\/wp-json\/wp\/v2\/posts\/3552","targetHints":{"allow":["GET"]}}],"collection":[{"href":"https:\/\/heikevigl.it\/storyteller\/wp-json\/wp\/v2\/posts"}],"about":[{"href":"https:\/\/heikevigl.it\/storyteller\/wp-json\/wp\/v2\/types\/post"}],"author":[{"embeddable":true,"href":"https:\/\/heikevigl.it\/storyteller\/wp-json\/wp\/v2\/users\/2"}],"replies":[{"embeddable":true,"href":"https:\/\/heikevigl.it\/storyteller\/wp-json\/wp\/v2\/comments?post=3552"}],"version-history":[{"count":5,"href":"https:\/\/heikevigl.it\/storyteller\/wp-json\/wp\/v2\/posts\/3552\/revisions"}],"predecessor-version":[{"id":3620,"href":"https:\/\/heikevigl.it\/storyteller\/wp-json\/wp\/v2\/posts\/3552\/revisions\/3620"}],"wp:featuredmedia":[{"embeddable":true,"href":"https:\/\/heikevigl.it\/storyteller\/wp-json\/wp\/v2\/media\/3600"}],"wp:attachment":[{"href":"https:\/\/heikevigl.it\/storyteller\/wp-json\/wp\/v2\/media?parent=3552"}],"wp:term":[{"taxonomy":"category","embeddable":true,"href":"https:\/\/heikevigl.it\/storyteller\/wp-json\/wp\/v2\/categories?post=3552"},{"taxonomy":"post_tag","embeddable":true,"href":"https:\/\/heikevigl.it\/storyteller\/wp-json\/wp\/v2\/tags?post=3552"}],"curies":[{"name":"wp","href":"https:\/\/api.w.org\/{rel}","templated":true}]}}